{"id":3258,"date":"2026-01-11T16:45:53","date_gmt":"2026-01-11T16:45:53","guid":{"rendered":"https:\/\/sanayidonanimlari.net\/?p=3258"},"modified":"2026-01-20T11:31:15","modified_gmt":"2026-01-20T11:31:15","slug":"forklift-insan-tasima-sepeti","status":"publish","type":"post","link":"https:\/\/santiyedonanimlari.com\/tr\/forklift-insan-tasima-sepeti\/","title":{"rendered":"Forklift \u0130nsan Ta\u015f\u0131ma Sepeti"},"content":{"rendered":"\t\t<div data-elementor-type=\"wp-post\" data-elementor-id=\"3258\" class=\"elementor elementor-3258\" data-elementor-post-type=\"post\">\n\t\t\t\t<div class=\"elementor-element elementor-element-1f7b3778 e-flex e-con-boxed e-con e-parent\" data-id=\"1f7b3778\" data-element_type=\"container\" data-e-type=\"container\" data-settings=\"{&quot;ekit_has_onepagescroll_dot&quot;:&quot;yes&quot;}\">\n\t\t\t\t\t<div class=\"e-con-inner\">\n\t\t\t\t<div class=\"elementor-element elementor-element-7a57f179 elementor-widget elementor-widget-text-editor\" data-id=\"7a57f179\" data-element_type=\"widget\" data-e-type=\"widget\" data-settings=\"{&quot;ekit_we_effect_on&quot;:&quot;none&quot;}\" data-widget_type=\"text-editor.default\">\n\t\t\t\t\t\t\t\t\t<p>\u015eantiyelerde veya in\u015faat alanlar\u0131nda, forkliftlerin ula\u015fabildi\u011fi alanlarda g\u00fcvenle \u00e7al\u0131\u015fmak ve insan ta\u015f\u0131mak i\u00e7in metal sepetlere ihtiya\u00e7 duyulur.\u00a0<em>Forklift \u0130nsan Ta\u015f\u0131ma Sepeti<\/em>, hem \u00e7al\u0131\u015fma hem de ta\u015f\u0131ma i\u015flemleri i\u00e7in ideal imkanlar sa\u011flar.<\/p>\n<p><strong>Forklift \u0130nsan Ta\u015f\u0131ma Sepeti Nedir?<\/strong><\/p>\n<p>Forklift insan ta\u015f\u0131ma sepeti, in\u015faat alanlar\u0131nda ve depolarda personelin g\u00fcvenle \u00e7al\u0131\u015fmas\u0131na ve insan ta\u015f\u0131maya olanak tan\u0131r. \u015eantiye Donan\u0131mlar\u0131 b\u00fcnyesinde tasar\u0131m\u0131 ve \u00fcretimi yap\u0131lan forklift sepetleri kafesli ve kap\u0131l\u0131d\u0131r. \u00dcstten a\u00e7\u0131lan kafes kapaklar\u0131 da \u00e7al\u0131\u015fmaya veya malzeme indirmeye imk\u00e2n tan\u0131r.<\/p>\n<p>Sepetler, forkliftlerin ta\u015f\u0131yabilece\u011fi a\u011f\u0131rl\u0131ktad\u0131r. Ayr\u0131ca, forklift ayaklar\u0131n\u0131n girebilece\u011fi uygun par\u00e7alar\u0131 da vard\u0131r. \u0130n\u015faatlar ve \u015fantiyeler i\u00e7in istenen boyutlarda ve \u00f6zelliklerde forklift sepeti \u00fcretimi yap\u0131lmaktad\u0131r.<\/p>\n<p>Ayr\u0131ca sepetler i\u00e7in farkl\u0131 end\u00fcstriyel boya se\u00e7enekleri de mevcuttur.<\/p>\n<p>Forklift \u0130nsan Ta\u015f\u0131ma Sepeti \u015eantiyelerde, in\u015faat alanlar\u0131nda ve depolarda personelin g\u00fcvenle \u00e7al\u0131\u015fmas\u0131 i\u00e7in metal sepetlere ihtiya\u00e7 duyulur.<\/p>\n<h1 class=\"wp-block-heading\">Forklift Sepeti Kullan\u0131m Alanlar\u0131<\/h1>\n<ol type=\"1\">\n<li>Y\u00fcksekte boya, badana yap\u0131m\u0131nda<\/li>\n<li>Fabrika tavan\u0131nda tesisat \u00e7al\u0131\u015fmas\u0131<\/li>\n<li>Y\u00fcksekte cam y\u0131kama, cam de\u011fi\u015fimi<\/li>\n<li>Depolarda raftan sipari\u015f toplama<\/li>\n<\/ol>\n<h1 class=\"wp-block-heading\">Forklift \u0130nsan Ta\u015f\u0131ma Sepetinin \u00d6l\u00e7\u00fcleri<\/h1>\n<table class=\"ctable\">\n<tbody>\n<tr>\n<td rowspan=\"2\"><strong>\u00a0MODEL<\/strong><\/td>\n<td colspan=\"3\"><strong>\u00a0EBATLAR<\/strong><\/td>\n<td><strong>\u00a0KAPAS\u0130TE<\/strong><\/td>\n<td><strong>\u00a0A\u011eIRLIK<\/strong><\/td>\n<\/tr>\n<tr>\n<td><strong>\u00a0A<\/strong><\/td>\n<td><strong>\u00a0B<\/strong><\/td>\n<td><strong>\u00a0C<\/strong><\/td>\n<td><strong>\u00a0KG.<\/strong><\/td>\n<td><strong>\u00a0KG.<\/strong><\/td>\n<\/tr>\n<tr>\n<td><strong>FRKSPT1000<\/strong><\/td>\n<td>1000<\/td>\n<td>1000<\/td>\n<td>1200<\/td>\n<td>150<\/td>\n<td>150<\/td>\n<\/tr>\n<tr>\n<td><strong>FRKSPT2000<\/strong><\/td>\n<td>1000<\/td>\n<td>2000<\/td>\n<td>1200<\/td>\n<td>300<\/td>\n<td>230<\/td>\n<\/tr>\n<\/tbody>\n<\/table>\n<p><strong>Forklift \u0130nsan Ta\u015f\u0131ma Sepeti Fiyat\u0131<\/strong><\/p>\n<p>\u015eantiye Donan\u0131mlar\u0131;\u00a0ISO kalite standartlar\u0131\u00a0\u00e7er\u00e7evesinde h\u0131zl\u0131 ve g\u00fcvenilir \u00e7\u00f6z\u00fcmler sunmaktad\u0131r. Herhangi bir in\u015faat ve \u015fantiye alan\u0131ndaki taleplerinizi k\u0131sa s\u00fcrede tasarlamak i\u00e7in y\u00fck ve malzeme ta\u015f\u0131ma sepetleri \u00fcreten firmam\u0131z\u00a0uluslararas\u0131 standartlara uygun hizmet vermektedir. Geni\u015f imkanlara sahip at\u00f6lyemizde istek ve ihtiya\u00e7lar\u0131n\u0131za uygun, farkl\u0131 ebatlarda Forklift \u0130nsan Ta\u015f\u0131ma Sepeti \u00fcretimi de ger\u00e7ekle\u015ftirmekteyiz. \u015eantiye Donan\u0131mlar\u0131 olarak \u00fcretimini yapt\u0131\u011f\u0131m\u0131z forklift insan ta\u015f\u0131ma sepetleri model ve fiyatlar\u0131n\u0131 incelemek i\u00e7in\u00a0\u00a0<a href=\"https:\/\/www.santiyedonanimlari.com\/urun\/forklift-insan-tasima-sepeti\/\"><strong>\u00fcr\u00fcn sayfam\u0131z\u0131<\/strong><\/a>\u00a0ziyaret edebilir\u00a0<a href=\"mailto:talep@bayrakcimetal.com.tr\"><strong>talep@bayrakcimetal.com.tr<\/strong><\/a>\u00a0adresine mail atarak \u00f6zel tasar\u0131mlar\u0131n\u0131z i\u00e7in\u00a0<a href=\"https:\/\/www.santiyedonanimlari.com\/gemici-merdiveni\/\"><strong>teklif alabilirsiniz<\/strong>.<\/a><\/p>\t\t\t\t\t\t\t\t<\/div>\n\t\t\t\t\t<\/div>\n\t\t\t\t<\/div>\n\t\t\t\t<\/div>\n\t\t","protected":false},"excerpt":{"rendered":"<p>\u015eantiyelerde veya in\u015faat alanlar\u0131nda, forkliftlerin ula\u015fabildi\u011fi alanlarda g\u00fcvenle \u00e7al\u0131\u015fmak ve insan ta\u015f\u0131mak i\u00e7in metal sepetlere ihtiya\u00e7 duyulur.\u00a0Forklift \u0130nsan Ta\u015f\u0131ma Sepeti,.. <span class=\"read-more\"><a href=\"https:\/\/santiyedonanimlari.com\/tr\/forklift-insan-tasima-sepeti\/\" class=\"theme-btn\"><span>Read more<\/span><i class=\"fas fa-angle-double-right\"><\/i><\/a><\/span><\/p>\n","protected":false},"author":1,"featured_media":3259,"comment_status":"closed","ping_status":"closed","sticky":false,"template":"","format":"standard","meta":{"_acf_changed":false,"inline_featured_image":false,"slim_seo":{"title":"Forklift \u0130nsan Ta\u015f\u0131ma Sepeti - G\u00fcvenli ve Dayan\u0131kl\u0131 \u015eantiye Ekipmanlar\u0131 | \u015eantiye Donan\u0131mlar\u0131","description":"\u015eantiyelerde veya in\u015faat alanlar\u0131nda, forkliftlerin ula\u015fabildi\u011fi alanlarda g\u00fcvenle \u00e7al\u0131\u015fmak ve insan ta\u015f\u0131mak i\u00e7in metal sepetlere ihtiya\u00e7 duyulur.\u00a0 Forklift \u0130ns"},"footnotes":""},"categories":[1],"tags":[],"class_list":["post-3258","post","type-post","status-publish","format-standard","has-post-thumbnail","hentry","category-blog"],"acf":[],"_links":{"self":[{"href":"https:\/\/santiyedonanimlari.com\/tr\/wp-json\/wp\/v2\/posts\/3258","targetHints":{"allow":["GET"]}}],"collection":[{"href":"https:\/\/santiyedonanimlari.com\/tr\/wp-json\/wp\/v2\/posts"}],"about":[{"href":"https:\/\/santiyedonanimlari.com\/tr\/wp-json\/wp\/v2\/types\/post"}],"author":[{"embeddable":true,"href":"https:\/\/santiyedonanimlari.com\/tr\/wp-json\/wp\/v2\/users\/1"}],"replies":[{"embeddable":true,"href":"https:\/\/santiyedonanimlari.com\/tr\/wp-json\/wp\/v2\/comments?post=3258"}],"version-history":[{"count":0,"href":"https:\/\/santiyedonanimlari.com\/tr\/wp-json\/wp\/v2\/posts\/3258\/revisions"}],"wp:featuredmedia":[{"embeddable":true,"href":"https:\/\/santiyedonanimlari.com\/tr\/wp-json\/wp\/v2\/media\/3259"}],"wp:attachment":[{"href":"https:\/\/santiyedonanimlari.com\/tr\/wp-json\/wp\/v2\/media?parent=3258"}],"wp:term":[{"taxonomy":"category","embeddable":true,"href":"https:\/\/santiyedonanimlari.com\/tr\/wp-json\/wp\/v2\/categories?post=3258"},{"taxonomy":"post_tag","embeddable":true,"href":"https:\/\/santiyedonanimlari.com\/tr\/wp-json\/wp\/v2\/tags?post=3258"}],"curies":[{"name":"wp","href":"https:\/\/api.w.org\/{rel}","templated":true}]}}